{"id":724,"date":"2024-06-19T11:45:40","date_gmt":"2024-06-19T09:45:40","guid":{"rendered":"https:\/\/holiday-gran-canaria.instawp.xyz\/?p=724"},"modified":"2024-06-24T16:24:02","modified_gmt":"2024-06-24T14:24:02","slug":"crater-de-bandama","status":"publish","type":"post","link":"https:\/\/holidayhomes-grancanaria.com\/es\/het-eiland\/bandama-krater\/","title":{"rendered":"Cr\u00e1ter de Bandama"},"content":{"rendered":"<p>El Pico de Bandama es un volc\u00e1n inactivo del este de Gran Canaria. Su cr\u00e1ter tiene 200 metros de profundidad y hasta un kil\u00f3metro de ancho. Esto lo convierte en el mayor de Gran Canaria. De camino a la cima, encontrar\u00e1 petroglifos prehist\u00f3ricos. Una vez arriba, desde la terraza podr\u00e1 disfrutar de magn\u00edficas vistas de todos los puntos de la isla. Al norte, Las Palmas y la pen\u00ednsula de La Isleta. Al este, se divisa la costa oriental de la isla y, al sur, se contempla el profundo cr\u00e1ter de la Caldera de Bandama. Por \u00faltimo, al oeste, podr\u00e1 contemplar el paisaje monta\u00f1oso con el verde campo de golf del Real Club de Las Palmas.<\/p>\n\n\n\n<p>Es bueno saberlo:<\/p>\n\n\n\n<ul class=\"wp-block-list\">\n<li>Se puede aparcar en la cima del volc\u00e1n.<\/li>\n\n\n\n<li>Su car\u00e1cter volc\u00e1nico se form\u00f3 por un derrumbe.<\/li>\n\n\n\n<li>Hoy en d\u00eda, el cr\u00e1ter se utiliza como zona agr\u00edcola, ya que contiene mucha tierra f\u00e9rtil.<\/li>\n<\/ul>\n\n\n\n<p>Nuestro consejo:<\/p>\n\n\n\n<ul class=\"wp-block-list\">\n<li>Se puede hacer una excursi\u00f3n guiada al cr\u00e1ter. La caminata dura m\u00e1s de dos horas. Lleve agua suficiente, ya que no hay servicios de restauraci\u00f3n en el cr\u00e1ter.<\/li>\n<\/ul>","protected":false},"excerpt":{"rendered":"<p>De Pico de Bandama is een niet-actieve vulkaan in het oosten van Gran Canaria. De krater is 200 meter diep en maar liefst een kilometer breed. Dat maakt hem de grootste van Gran Canaria. Onderweg naar de top komt u prehistorische rotstekeningen tegen. Eenmaal boven kunt u op het terras genieten van een prachtig uitzicht [&hellip;]<\/p>\n","protected":false},"author":2,"featured_media":1035,"comment_status":"closed","ping_status":"closed","sticky":false,"template":"","format":"standard","meta":{"_acf_changed":false,"_seopress_robots_primary_cat":"","_seopress_titles_title":"","_seopress_titles_desc":"","_seopress_robots_index":"","iawp_total_views":14,"footnotes":""},"categories":[1],"tags":[],"class_list":["post-724","post","type-post","status-publish","format-standard","has-post-thumbnail","hentry","category-het-eiland"],"acf":[],"_links":{"self":[{"href":"https:\/\/holidayhomes-grancanaria.com\/es\/wp-json\/wp\/v2\/posts\/724","targetHints":{"allow":["GET"]}}],"collection":[{"href":"https:\/\/holidayhomes-grancanaria.com\/es\/wp-json\/wp\/v2\/posts"}],"about":[{"href":"https:\/\/holidayhomes-grancanaria.com\/es\/wp-json\/wp\/v2\/types\/post"}],"author":[{"embeddable":true,"href":"https:\/\/holidayhomes-grancanaria.com\/es\/wp-json\/wp\/v2\/users\/2"}],"replies":[{"embeddable":true,"href":"https:\/\/holidayhomes-grancanaria.com\/es\/wp-json\/wp\/v2\/comments?post=724"}],"version-history":[{"count":2,"href":"https:\/\/holidayhomes-grancanaria.com\/es\/wp-json\/wp\/v2\/posts\/724\/revisions"}],"predecessor-version":[{"id":1357,"href":"https:\/\/holidayhomes-grancanaria.com\/es\/wp-json\/wp\/v2\/posts\/724\/revisions\/1357"}],"wp:featuredmedia":[{"embeddable":true,"href":"https:\/\/holidayhomes-grancanaria.com\/es\/wp-json\/wp\/v2\/media\/1035"}],"wp:attachment":[{"href":"https:\/\/holidayhomes-grancanaria.com\/es\/wp-json\/wp\/v2\/media?parent=724"}],"wp:term":[{"taxonomy":"category","embeddable":true,"href":"https:\/\/holidayhomes-grancanaria.com\/es\/wp-json\/wp\/v2\/categories?post=724"},{"taxonomy":"post_tag","embeddable":true,"href":"https:\/\/holidayhomes-grancanaria.com\/es\/wp-json\/wp\/v2\/tags?post=724"}],"curies":[{"name":"wp","href":"https:\/\/api.w.org\/{rel}","templated":true}]}}